{"id":109,"date":"2011-03-07T07:46:57","date_gmt":"2011-03-07T06:46:57","guid":{"rendered":"http:\/\/www.weilicheskann.de.ki\/?p=109"},"modified":"2011-03-07T07:46:57","modified_gmt":"2011-03-07T06:46:57","slug":"ich-habe-angst","status":"publish","type":"post","link":"http:\/\/weilicheskann.de\/?p=109","title":{"rendered":"ich habe Angst"},"content":{"rendered":"<p style=\"text-align: justify;\"><span style=\"font-family: Arial,sans-serif;\">Ich habe Angst! Ich wei\u00df nicht was passiert!<\/span><\/p>\n<p style=\"text-align: justify;\"><span style=\"font-family: Arial,sans-serif;\">Es ist dunkel und kalt. Ich liege auf dem R\u00fccken. Ich liege im Schlamm und es regnet. Es herrscht wieder einmal die sprichw\u00f6rtliche Ruhe vor dem Sturm, man h\u00f6rt nur das Prasseln des Regens. Ich sehe nach rechts und links, dort sehe ich meine Kameraden, die wie ich nur darauf warten losst\u00fcrmen zu d\u00fcrfen. Wir sind alle bereit und warten auf den Befehl.<\/span><\/p>\n<p style=\"text-align: justify;\"><span style=\"font-family: Arial,sans-serif;\">Doch dann befiel mich pl\u00f6tzlich wieder dieses Gef\u00fchl. Es war eines jener Gef\u00fchle, welche man nicht wirklich beschreiben kann. In letzter Zeit hatte ich es \u00f6fter. Aber immer nur dann, wenn einer unserer Angriffe total schief ging. Sollte ich es meinen Kameraden sagen, dass die meisten von uns diese Nacht nicht \u00fcberleben werden?<\/span><\/p>\n<p style=\"text-align: justify;\"><span style=\"font-family: Arial,sans-serif;\">Ich hatte Angst! Sollte ich heute etwa auch sterben! Oder zum Kr\u00fcppel werden?<\/span><\/p>\n<p style=\"text-align: justify;\"><span style=\"font-family: Arial,sans-serif;\">Nein. Ich beschloss ihnen nichts zu sagen. Das letzte Mal hatten sich alle \u00fcber mich lustig gemacht. Aber allen, denen ich es erz\u00e4hlt hatte, sind jetzt tot.<\/span><\/p>\n<p style=\"text-align: justify;\"><span style=\"font-family: Arial,sans-serif;\">Ich hatte Angst! Was w\u00fcrde geschehen?<\/span><\/p>\n<p style=\"text-align: justify;\"><span style=\"font-family: Arial,sans-serif;\">Dann ert\u00f6nte das Gebr\u00fcll unseres Vorgesetzten, wir sprangen auf, wir rannten los, ich entsicherte mein Gewehr. Dann sah ich sie. Ich nahm sie aber nur als bewegte Zielscheiben wahr.<\/span><\/p>\n<p style=\"text-align: justify;\"><span style=\"font-family: Arial,sans-serif;\">Dies ist der Moment, an dem ich immer meinen Verstand ausschaltet. Ich dr\u00fccke ab! Au\u00dfer dem Rattern meines Maschinengewehrs bekomme ich nichts mehr mit. Ich bemerke noch nicht einmal mehr den Regen, der auf meinem Helm trommelt. Ich bin ein Tier! Ohne zu denken, schlachteten sich tausend von Menschen ab.<br \/>\nWaren wir \u00fcberhaupt noch Menschen oder einfach nur gef\u00fchllose Maschinen?<\/span><\/p>\n<p style=\"text-align: justify;\"><span style=\"font-family: Arial,sans-serif;\">Ich hatte Angst! Ich fing wieder an zu denken. Erst jetzt wurde mir bewusst, was ich tat. Sekunden sp\u00e4ter sp\u00fcrte ich einen bei\u00dfenden Schmerz in der Brust. Ich wurde durch einen Schlag zu Boden gerissen.<\/span><\/p>\n<p style=\"text-align: justify;\"><span style=\"font-family: Arial,sans-serif;\">Ich hatte Angst! Dann wusste ich was es war. Ich wurde von einer Kugel getroffen.<\/span><\/p>\n<p style=\"text-align: justify;\"><span style=\"font-family: Arial,sans-serif;\">Es war dunkel und kalt. Ich lag auf dem R\u00fccken. Ich lag im Schlamm. Ich sp\u00fcrte den Regen wieder, als er mir ins Gesicht fiel. Ich sp\u00fcrte, dass ich viel Blut verlor. Ich war m\u00fcde. M\u00fcde vom vielen K\u00e4mpfen. Ich h\u00f6rte den L\u00e4rm und die Schrei auf dem Schlachtfeld. Ich sp\u00fcrte jeden Regentropfen einzeln im Gesicht. Ich hatte pl\u00f6tzlich die Antwort auf alle Fragen. Ich wusste auch, dass ich gehen musste.<\/span><\/p>\n<p style=\"text-align: justify;\"><span style=\"font-family: Arial,sans-serif;\">Ich habe keine Angst mehr! Ich habe nie so viel gelebt wie jetzt in diesem Augenblick. Ich muss einfach rufen, dass mir alles Leid tut. Dann schlie\u00dfe ich die Augen und entschwebe in eine h\u00f6here Dimension.<\/span><\/p>\n<\/p>\n<div class='wp_likes' id='wp_likes_post-109'><a class='like' href=\"javascript:wp_likes.like(109);\" title='' ><img decoding=\"async\" src=\"http:\/\/weilicheskann.de\/wp-content\/uploads\/2013\/11\/like_great.gif\" alt='' border='0'\/><\/a><span class='text'>Be the first to like.<\/span><\/p>\n<div class='like' ><a href=\"javascript:wp_likes.like(109);\"><\/a><\/div>\n<div class='unlike' ><a href=\"javascript:wp_likes.unlike(109);\">Unlike<\/a><\/div>\n<\/div>\n","protected":false},"excerpt":{"rendered":"<p>Ich habe Angst! Ich wei\u00df nicht was passiert! Es ist dunkel und kalt. Ich liege auf dem R\u00fccken. Ich liege im Schlamm und es regnet. Es herrscht wieder einmal die sprichw\u00f6rtliche Ruhe vor dem Sturm, man h\u00f6rt nur das Prasseln des Regens. Ich sehe nach rechts und links, dort sehe ich meine Kameraden, die wie [&hellip;]<\/p>\n","protected":false},"author":1,"featured_media":0,"comment_status":"open","ping_status":"open","sticky":false,"template":"","format":"standard","meta":{"jetpack_post_was_ever_published":false,"_jetpack_newsletter_access":"","_jetpack_dont_email_post_to_subs":false,"_jetpack_newsletter_tier_id":0,"_jetpack_memberships_contains_paywalled_content":false,"_jetpack_memberships_contains_paid_content":false,"footnotes":"","jetpack_publicize_message":"","jetpack_publicize_feature_enabled":true,"jetpack_social_post_already_shared":false,"jetpack_social_options":{"image_generator_settings":{"template":"highway","default_image_id":0,"font":"","enabled":false},"version":2}},"categories":[3],"tags":[],"class_list":["post-109","post","type-post","status-publish","format-standard","hentry","category-gedanken"],"aioseo_notices":[],"jetpack_publicize_connections":[],"jetpack_featured_media_url":"","jetpack_shortlink":"https:\/\/wp.me\/p44ACN-1L","jetpack_sharing_enabled":true,"_links":{"self":[{"href":"http:\/\/weilicheskann.de\/index.php?rest_route=\/wp\/v2\/posts\/109","targetHints":{"allow":["GET"]}}],"collection":[{"href":"http:\/\/weilicheskann.de\/index.php?rest_route=\/wp\/v2\/posts"}],"about":[{"href":"http:\/\/weilicheskann.de\/index.php?rest_route=\/wp\/v2\/types\/post"}],"author":[{"embeddable":true,"href":"http:\/\/weilicheskann.de\/index.php?rest_route=\/wp\/v2\/users\/1"}],"replies":[{"embeddable":true,"href":"http:\/\/weilicheskann.de\/index.php?rest_route=%2Fwp%2Fv2%2Fcomments&post=109"}],"version-history":[{"count":0,"href":"http:\/\/weilicheskann.de\/index.php?rest_route=\/wp\/v2\/posts\/109\/revisions"}],"wp:attachment":[{"href":"http:\/\/weilicheskann.de\/index.php?rest_route=%2Fwp%2Fv2%2Fmedia&parent=109"}],"wp:term":[{"taxonomy":"category","embeddable":true,"href":"http:\/\/weilicheskann.de\/index.php?rest_route=%2Fwp%2Fv2%2Fcategories&post=109"},{"taxonomy":"post_tag","embeddable":true,"href":"http:\/\/weilicheskann.de\/index.php?rest_route=%2Fwp%2Fv2%2Ftags&post=109"}],"curies":[{"name":"wp","href":"https:\/\/api.w.org\/{rel}","templated":true}]}}